{"id":4494,"date":"2020-06-29T12:09:22","date_gmt":"2020-06-29T10:09:22","guid":{"rendered":"http:\/\/www.cinema-contis.fr\/site_festival\/?p=4494"},"modified":"2020-07-01T12:51:11","modified_gmt":"2020-07-01T10:51:11","slug":"festival-100-en-ligne","status":"publish","type":"post","link":"http:\/\/www.cinema-contis.fr\/site_festival\/2020\/06\/29\/festival-100-en-ligne\/","title":{"rendered":"Festival 100% en ligne !"},"content":{"rendered":"<h5 style=\"text-align: center;\"><span style=\"color: #000000;\"><strong>Nous vous souhaitons la bienvenue sur le nouveau site internet du Festival de Contis !<\/strong><\/span><\/h5>\n<h5 style=\"text-align: center;\">&nbsp;<\/h5>\n<p><span style=\"color: #000000;\"><strong>Comment va se d\u00e9rouler l&rsquo;\u00e9dition en ligne ?<\/strong><\/span><br><span style=\"color: #000000;\">Cette ann\u00e9e, pas de sable fin entre les orteils, ni de cocktails au bar du cin\u00e9ma, mais une \u00e9dition exclusivement en ligne et disponible du jeudi 2 au lundi 6 juillet 2020. <\/span><br><span style=\"color: #000000;\">Vous \u00eates curieux de d\u00e9couvrir la s\u00e9lection de ces 25 ans ? Laissez-vous guider au fil des pages&#8230;<\/span><br><span style=\"color: #000000;\">&nbsp;<\/span><br><span style=\"color: #000000;\">Malgr\u00e9 les circonstances difficiles actuelles, le Festival demeure extr\u00eamement riche : trente-six courts-m\u00e9trages europ\u00e9ens en comp\u00e9tition, vingt courts-m\u00e9trages en hors comp\u00e9tition, trente nanom\u00e9trages, deux films \u00ab\u00a0p\u00e9pites\u00a0\u00bb, un film en hommage au Fespaco, un programme d&rsquo;\u00e9ducation \u00e0 l&rsquo;image avec une rencontre franco-br\u00e9silienne, la rencontre des candidats des appels \u00e0 projets \u00ab\u00a0Talents en Court \u00e0 Contis\u00a0\u00bb et \u00ab\u00a0D\u00e9fi VR\u00a0\u00bb, une table ronde sur la r\u00e9alit\u00e9 virtuelle, un atelier avec la participation d&rsquo;Europa Cinemas, un d\u00e9bat politique&#8230; sans oublier une s\u00e9lection de votre participation dans la bo\u00eete \u00e0 id\u00e9es et une promenade en images dans 25 ans de Festival !<\/span><\/p>\n<p>&nbsp;<\/p>\n<p><span style=\"color: #f54040;\"><strong>Pour visionner les films rendez-vous sur <a style=\"color: #f54040;\" href=\"https:\/\/festival2020.cinema-contis.fr\/\" target=\"_blank\" rel=\"noopener noreferrer\">festival2020.cinema-contis.fr.<\/a><\/strong><\/span><\/p>\n<p><span style=\"color: #f54040;\"><strong>Pour Talents en Court, le D\u00e9fi VR, l&rsquo;atelier, la table ronde VR, le d\u00e9bat, la rencontre entre Cinema no Interior avec Douze Films et la boite \u00e0 id\u00e9es, rendez-vous sur les pages de notre site internet, dans le menu \u00ab\u00a0D\u00e9bats et Rencontres\u00a0\u00bb.<\/strong><\/span><br><span style=\"color: #000000;\">&nbsp;<\/span><br><strong><span style=\"color: #000000;\">Pensez \u00e0 r\u00e9server vos places !<\/span><\/strong><br><span style=\"color: #000000;\">Le nombre de place par s\u00e9ance \u00e9tant limit\u00e9, nous vous conseillons de r\u00e9server le plus t\u00f4t possible votre place. Rien de plus facile : choisissez le programme qui vous pla\u00eet et cliquez sur le lien \u00ab\u00a0voir ce programme\u00a0\u00bb. Vous serez ensuite redirig\u00e9 sur la plateforme s\u00e9curis\u00e9e Festival Scope, qui nous permet la diffusion des films en ligne. Il vous faudra alors cr\u00e9er votre compte et r\u00e9server votre place (programmes payants ou non).<\/span><br><span style=\"color: #000000;\">&nbsp;<\/span><br><span style=\"text-decoration: underline;\"><span style=\"color: #000000; text-decoration: underline;\">Tarifs :<\/span><\/span><br><span style=\"color: #000000;\">3\u20ac \/ programmes de courts-m\u00e9trages en Comp\u00e9tition europ\u00e9enne<\/span><br><span style=\"color: #000000;\">3\u20ac \/ le programme \u00ab\u00a0jeune public\u00a0\u00bb<\/span><br><span style=\"color: #000000;\">5\u20ac \/ \u00ab\u00a0Ahi na ma\u00a0\u00bb et \u00ab\u00a0La mis\u00e9ricorde de la jungle\u00a0\u00bb<\/span><br><span style=\"color: #000000;\">Entr\u00e9e libre pour le reste de la programmation<\/span><br><span style=\"color: #000000;\">&nbsp;<\/span><br><span style=\"color: #000000;\"><strong>Rendez-vous jeudi 2 juillet \u00e0 18h30 pour l&rsquo;ouverture du Festival, de la promenade des 25 ans et pour l&rsquo;acc\u00e8s aux premi\u00e8res s\u00e9ances ; et tous les jours \u00e0 18h30 sur le chat en ligne pour se retrouver tous ensemble malgr\u00e9 la distance !<\/strong> <\/span><\/p>\n<p><span style=\"color: #000000;\">\u00ab\u00a0Si loin, si proche\u00a0\u00bb<\/span><\/p>\n\n\n<div class=\"wp-block-group is-layout-flow wp-block-group-is-layout-flow\"><div class=\"wp-block-group__inner-container\"><\/div><\/div>\n\n\n\n<p><\/p>\n","protected":false},"excerpt":{"rendered":"<p>Nous vous souhaitons la bienvenue sur le nouveau site internet du Festival de Contis ! &nbsp; Comment va se d\u00e9rouler l&rsquo;\u00e9dition en ligne ?Cette ann\u00e9e, pas de sable fin entre les orteils, ni de cocktails au bar du cin\u00e9ma, mais une \u00e9dition exclusivement en ligne et disponible du jeudi 2 au lundi 6 juillet 2020. [&hellip;]<\/p>\n","protected":false},"author":2,"featured_media":4550,"comment_status":"closed","ping_status":"open","sticky":false,"template":"","format":"image","meta":{"_monsterinsights_skip_tracking":false,"_monsterinsights_sitenote_active":false,"_monsterinsights_sitenote_note":"","_monsterinsights_sitenote_category":0,"footnotes":""},"categories":[96],"tags":[95],"_links":{"self":[{"href":"http:\/\/www.cinema-contis.fr\/site_festival\/wp-json\/wp\/v2\/posts\/4494"}],"collection":[{"href":"http:\/\/www.cinema-contis.fr\/site_festival\/wp-json\/wp\/v2\/posts"}],"about":[{"href":"http:\/\/www.cinema-contis.fr\/site_festival\/wp-json\/wp\/v2\/types\/post"}],"author":[{"embeddable":true,"href":"http:\/\/www.cinema-contis.fr\/site_festival\/wp-json\/wp\/v2\/users\/2"}],"replies":[{"embeddable":true,"href":"http:\/\/www.cinema-contis.fr\/site_festival\/wp-json\/wp\/v2\/comments?post=4494"}],"version-history":[{"count":13,"href":"http:\/\/www.cinema-contis.fr\/site_festival\/wp-json\/wp\/v2\/posts\/4494\/revisions"}],"predecessor-version":[{"id":4790,"href":"http:\/\/www.cinema-contis.fr\/site_festival\/wp-json\/wp\/v2\/posts\/4494\/revisions\/4790"}],"wp:featuredmedia":[{"embeddable":true,"href":"http:\/\/www.cinema-contis.fr\/site_festival\/wp-json\/wp\/v2\/media\/4550"}],"wp:attachment":[{"href":"http:\/\/www.cinema-contis.fr\/site_festival\/wp-json\/wp\/v2\/media?parent=4494"}],"wp:term":[{"taxonomy":"category","embeddable":true,"href":"http:\/\/www.cinema-contis.fr\/site_festival\/wp-json\/wp\/v2\/categories?post=4494"},{"taxonomy":"post_tag","embeddable":true,"href":"http:\/\/www.cinema-contis.fr\/site_festival\/wp-json\/wp\/v2\/tags?post=4494"}],"curies":[{"name":"wp","href":"https:\/\/api.w.org\/{rel}","templated":true}]}}